{"id":14194,"date":"2024-07-30T17:24:22","date_gmt":"2024-07-30T15:24:22","guid":{"rendered":"https:\/\/www.mai.group\/?p=14194"},"modified":"2024-07-30T17:24:23","modified_gmt":"2024-07-30T15:24:23","slug":"our-energy-area-director-mr-javier-gala-had-a-speech-at-the-solarplaza-summit-iberia","status":"publish","type":"post","link":"https:\/\/www.mai.group\/fr\/our-energy-area-director-mr-javier-gala-had-a-speech-at-the-solarplaza-summit-iberia\/","title":{"rendered":"Notre directeur du secteur de l&#039;\u00e9nergie, M. Javier Gala, a prononc\u00e9 un discours au Solarplaza Summit Iberia !"},"content":{"rendered":"<p>Nous sommes ravis de partager quelques moments captivants de notre directeur du secteur \u00c9nergie, M. <a href=\"https:\/\/www.linkedin.com\/in\/ACoAAAGIsKQBZjVabwfpAodqbZSEo4lPN5I9Aqc\"><\/a>Javier Gala, lors de son puissant discours au Solarplaza Summit Iberia le 5 juin 2024 ! \ud83c\udf10\u26a1<br><br><a href=\"https:\/\/www.linkedin.com\/in\/ACoAAAGIsKQBZjVabwfpAodqbZSEo4lPN5I9Aqc\"><\/a>Javier Gala a captiv\u00e9 le public par ses id\u00e9es et son expertise, contribuant ainsi de mani\u00e8re significative aux discussions sur les projets hybrides. Nous sommes extr\u00eamement fiers de ses r\u00e9alisations et de l&#039;impact positif qu&#039;il a sur le secteur des \u00e9nergies renouvelables. \u2600\ufe0f\ud83c\udf3f\ud83d\udca8\ud83c\udf43\u26a1\ufe0f\ud83d\udd0b<br><br>Un grand merci aux autres intervenants de renom et aux organisateurs de Solar Plaza pour avoir cr\u00e9\u00e9 un \u00e9v\u00e9nement aussi inspirant et marquant \u00e0 Madrid, en Espagne. Vos efforts sont vraiment appr\u00e9ci\u00e9s\u00a0! \ud83d\udc4f<br><br>Jetez un \u0153il \u00e0 ces photos de sa pr\u00e9sentation et rejoignez-nous pour c\u00e9l\u00e9brer son succ\u00e8s ! \ud83d\udcf8\ud83e\udd73<\/p>\n\n\n\n<figure class=\"wp-block-gallery has-nested-images columns-default is-cropped wp-block-gallery-1 is-layout-flex wp-block-gallery-is-layout-flex\">\n<figure class=\"wp-block-image size-large\"><img fetchpriority=\"high\" decoding=\"async\" width=\"1024\" height=\"683\" data-id=\"14197\" src=\"https:\/\/www.mai.group\/wp-content\/uploads\/2024\/07\/Solar-Plaza-3.jpg\" alt=\"\" class=\"wp-image-14197\" srcset=\"https:\/\/www.mai.group\/wp-content\/uploads\/2024\/07\/Solar-Plaza-3.jpg 1024w, https:\/\/www.mai.group\/wp-content\/uploads\/2024\/07\/Solar-Plaza-3-300x200.jpg 300w, https:\/\/www.mai.group\/wp-content\/uploads\/2024\/07\/Solar-Plaza-3-768x512.jpg 768w, https:\/\/www.mai.group\/wp-content\/uploads\/2024\/07\/Solar-Plaza-3-18x12.jpg 18w\" sizes=\"(max-width: 1024px) 100vw, 1024px\" \/><\/figure>\n\n\n\n<figure class=\"wp-block-image size-large\"><img decoding=\"async\" width=\"1024\" height=\"683\" data-id=\"14198\" src=\"https:\/\/www.mai.group\/wp-content\/uploads\/2024\/07\/Solar-Plaza-2.jpg\" alt=\"\" class=\"wp-image-14198\" srcset=\"https:\/\/www.mai.group\/wp-content\/uploads\/2024\/07\/Solar-Plaza-2.jpg 1024w, https:\/\/www.mai.group\/wp-content\/uploads\/2024\/07\/Solar-Plaza-2-300x200.jpg 300w, https:\/\/www.mai.group\/wp-content\/uploads\/2024\/07\/Solar-Plaza-2-768x512.jpg 768w, https:\/\/www.mai.group\/wp-content\/uploads\/2024\/07\/Solar-Plaza-2-18x12.jpg 18w\" sizes=\"(max-width: 1024px) 100vw, 1024px\" \/><\/figure>\n\n\n\n<figure class=\"wp-block-image size-large\"><img decoding=\"async\" width=\"1024\" height=\"683\" data-id=\"14199\" src=\"https:\/\/www.mai.group\/wp-content\/uploads\/2024\/07\/Solar-Plaza-1.jpg\" alt=\"\" class=\"wp-image-14199\" srcset=\"https:\/\/www.mai.group\/wp-content\/uploads\/2024\/07\/Solar-Plaza-1.jpg 1024w, https:\/\/www.mai.group\/wp-content\/uploads\/2024\/07\/Solar-Plaza-1-300x200.jpg 300w, https:\/\/www.mai.group\/wp-content\/uploads\/2024\/07\/Solar-Plaza-1-768x512.jpg 768w, https:\/\/www.mai.group\/wp-content\/uploads\/2024\/07\/Solar-Plaza-1-18x12.jpg 18w\" sizes=\"(max-width: 1024px) 100vw, 1024px\" \/><\/figure>\n<\/figure>","protected":false},"excerpt":{"rendered":"<p>We are delighted to share some captivating moments of our Energy Area Director, Mr. Javier Gala, from his powerful speech at the Solarplaza Summit Iberia on June 5, 2024! \ud83c\udf10\u26a1 Javier Gala mesmerized the audience with his insights and expertise, significantly contributing to the discussions on the hybrid projects. We are incredibly proud of his [&hellip;]<\/p>\n","protected":false},"author":16,"featured_media":14198,"comment_status":"closed","ping_status":"closed","sticky":false,"template":"","format":"standard","meta":{"_acf_changed":false,"_seopress_robots_primary_cat":"none","_seopress_titles_title":"","_seopress_titles_desc":"","_seopress_robots_index":"","footnotes":""},"categories":[1],"tags":[],"class_list":["post-14194","post","type-post","status-publish","format-standard","has-post-thumbnail","hentry","category-no-category"],"acf":[],"_links":{"self":[{"href":"https:\/\/www.mai.group\/fr\/wp-json\/wp\/v2\/posts\/14194","targetHints":{"allow":["GET"]}}],"collection":[{"href":"https:\/\/www.mai.group\/fr\/wp-json\/wp\/v2\/posts"}],"about":[{"href":"https:\/\/www.mai.group\/fr\/wp-json\/wp\/v2\/types\/post"}],"author":[{"embeddable":true,"href":"https:\/\/www.mai.group\/fr\/wp-json\/wp\/v2\/users\/16"}],"replies":[{"embeddable":true,"href":"https:\/\/www.mai.group\/fr\/wp-json\/wp\/v2\/comments?post=14194"}],"version-history":[{"count":1,"href":"https:\/\/www.mai.group\/fr\/wp-json\/wp\/v2\/posts\/14194\/revisions"}],"predecessor-version":[{"id":14200,"href":"https:\/\/www.mai.group\/fr\/wp-json\/wp\/v2\/posts\/14194\/revisions\/14200"}],"wp:featuredmedia":[{"embeddable":true,"href":"https:\/\/www.mai.group\/fr\/wp-json\/wp\/v2\/media\/14198"}],"wp:attachment":[{"href":"https:\/\/www.mai.group\/fr\/wp-json\/wp\/v2\/media?parent=14194"}],"wp:term":[{"taxonomy":"category","embeddable":true,"href":"https:\/\/www.mai.group\/fr\/wp-json\/wp\/v2\/categories?post=14194"},{"taxonomy":"post_tag","embeddable":true,"href":"https:\/\/www.mai.group\/fr\/wp-json\/wp\/v2\/tags?post=14194"}],"curies":[{"name":"wp","href":"https:\/\/api.w.org\/{rel}","templated":true}]}}