{"id":14194,"date":"2024-07-30T17:24:22","date_gmt":"2024-07-30T15:24:22","guid":{"rendered":"https:\/\/www.mai.group\/?p=14194"},"modified":"2024-07-30T17:24:23","modified_gmt":"2024-07-30T15:24:23","slug":"our-energy-area-director-mr-javier-gala-had-a-speech-at-the-solarplaza-summit-iberia","status":"publish","type":"post","link":"https:\/\/www.mai.group\/es\/our-energy-area-director-mr-javier-gala-had-a-speech-at-the-solarplaza-summit-iberia\/","title":{"rendered":"\u00a1Nuestro Director del \u00c1rea de Energ\u00eda, el Sr. Javier Gala, particip\u00f3 en el Solarplaza Summit Iberia!"},"content":{"rendered":"<p>Estamos encantados de compartir algunos momentos cautivadores de nuestro Director del \u00c1rea de Energ\u00eda, el Sr. <a href=\"https:\/\/www.linkedin.com\/in\/ACoAAAGIsKQBZjVabwfpAodqbZSEo4lPN5I9Aqc\"><\/a>\u00a1Javier Gala, de su potente discurso en el Solarplaza Summit Iberia el 5 de junio de 2024! \ud83c\udf10\u26a1<br><br><a href=\"https:\/\/www.linkedin.com\/in\/ACoAAAGIsKQBZjVabwfpAodqbZSEo4lPN5I9Aqc\"><\/a>Javier Gala cautiv\u00f3 al p\u00fablico con sus perspectivas y experiencia, contribuyendo significativamente a los debates sobre los proyectos h\u00edbridos. Estamos sumamente orgullosos de sus logros y del impacto positivo que est\u00e1 generando en el sector de las energ\u00edas renovables. \u2600\ufe0f\ud83c\udf3f\ud83d\udca8\ud83c\udf43\u26a1\ufe0f\ud83d\udd0b<br><br>Much\u00edsimas gracias a los dem\u00e1s ponentes y a los organizadores de Solar Plaza por crear un evento tan inspirador e impactante en Madrid, Espa\u00f1a. \u00a1Agradecemos sinceramente su esfuerzo! \ud83d\udc4f<br><br>\u00a1Echa un vistazo a estas fotos de su presentaci\u00f3n y \u00fanete a nosotros para celebrar su \u00e9xito! \ud83d\udcf8\ud83e\udd73<\/p>\n\n\n\n<figure class=\"wp-block-gallery has-nested-images columns-default is-cropped wp-block-gallery-1 is-layout-flex wp-block-gallery-is-layout-flex\">\n<figure class=\"wp-block-image size-large\"><img fetchpriority=\"high\" decoding=\"async\" width=\"1024\" height=\"683\" data-id=\"14197\" src=\"https:\/\/www.mai.group\/wp-content\/uploads\/2024\/07\/Solar-Plaza-3.jpg\" alt=\"\" class=\"wp-image-14197\" srcset=\"https:\/\/www.mai.group\/wp-content\/uploads\/2024\/07\/Solar-Plaza-3.jpg 1024w, https:\/\/www.mai.group\/wp-content\/uploads\/2024\/07\/Solar-Plaza-3-300x200.jpg 300w, https:\/\/www.mai.group\/wp-content\/uploads\/2024\/07\/Solar-Plaza-3-768x512.jpg 768w, https:\/\/www.mai.group\/wp-content\/uploads\/2024\/07\/Solar-Plaza-3-18x12.jpg 18w\" sizes=\"(max-width: 1024px) 100vw, 1024px\" \/><\/figure>\n\n\n\n<figure class=\"wp-block-image size-large\"><img decoding=\"async\" width=\"1024\" height=\"683\" data-id=\"14198\" src=\"https:\/\/www.mai.group\/wp-content\/uploads\/2024\/07\/Solar-Plaza-2.jpg\" alt=\"\" class=\"wp-image-14198\" srcset=\"https:\/\/www.mai.group\/wp-content\/uploads\/2024\/07\/Solar-Plaza-2.jpg 1024w, https:\/\/www.mai.group\/wp-content\/uploads\/2024\/07\/Solar-Plaza-2-300x200.jpg 300w, https:\/\/www.mai.group\/wp-content\/uploads\/2024\/07\/Solar-Plaza-2-768x512.jpg 768w, https:\/\/www.mai.group\/wp-content\/uploads\/2024\/07\/Solar-Plaza-2-18x12.jpg 18w\" sizes=\"(max-width: 1024px) 100vw, 1024px\" \/><\/figure>\n\n\n\n<figure class=\"wp-block-image size-large\"><img decoding=\"async\" width=\"1024\" height=\"683\" data-id=\"14199\" src=\"https:\/\/www.mai.group\/wp-content\/uploads\/2024\/07\/Solar-Plaza-1.jpg\" alt=\"\" class=\"wp-image-14199\" srcset=\"https:\/\/www.mai.group\/wp-content\/uploads\/2024\/07\/Solar-Plaza-1.jpg 1024w, https:\/\/www.mai.group\/wp-content\/uploads\/2024\/07\/Solar-Plaza-1-300x200.jpg 300w, https:\/\/www.mai.group\/wp-content\/uploads\/2024\/07\/Solar-Plaza-1-768x512.jpg 768w, https:\/\/www.mai.group\/wp-content\/uploads\/2024\/07\/Solar-Plaza-1-18x12.jpg 18w\" sizes=\"(max-width: 1024px) 100vw, 1024px\" \/><\/figure>\n<\/figure>","protected":false},"excerpt":{"rendered":"<p>We are delighted to share some captivating moments of our Energy Area Director, Mr. Javier Gala, from his powerful speech at the Solarplaza Summit Iberia on June 5, 2024! \ud83c\udf10\u26a1 Javier Gala mesmerized the audience with his insights and expertise, significantly contributing to the discussions on the hybrid projects. We are incredibly proud of his [&hellip;]<\/p>\n","protected":false},"author":16,"featured_media":14198,"comment_status":"closed","ping_status":"closed","sticky":false,"template":"","format":"standard","meta":{"_acf_changed":false,"_seopress_robots_primary_cat":"none","_seopress_titles_title":"","_seopress_titles_desc":"","_seopress_robots_index":"","footnotes":""},"categories":[1],"tags":[],"class_list":["post-14194","post","type-post","status-publish","format-standard","has-post-thumbnail","hentry","category-no-category"],"acf":[],"_links":{"self":[{"href":"https:\/\/www.mai.group\/es\/wp-json\/wp\/v2\/posts\/14194","targetHints":{"allow":["GET"]}}],"collection":[{"href":"https:\/\/www.mai.group\/es\/wp-json\/wp\/v2\/posts"}],"about":[{"href":"https:\/\/www.mai.group\/es\/wp-json\/wp\/v2\/types\/post"}],"author":[{"embeddable":true,"href":"https:\/\/www.mai.group\/es\/wp-json\/wp\/v2\/users\/16"}],"replies":[{"embeddable":true,"href":"https:\/\/www.mai.group\/es\/wp-json\/wp\/v2\/comments?post=14194"}],"version-history":[{"count":1,"href":"https:\/\/www.mai.group\/es\/wp-json\/wp\/v2\/posts\/14194\/revisions"}],"predecessor-version":[{"id":14200,"href":"https:\/\/www.mai.group\/es\/wp-json\/wp\/v2\/posts\/14194\/revisions\/14200"}],"wp:featuredmedia":[{"embeddable":true,"href":"https:\/\/www.mai.group\/es\/wp-json\/wp\/v2\/media\/14198"}],"wp:attachment":[{"href":"https:\/\/www.mai.group\/es\/wp-json\/wp\/v2\/media?parent=14194"}],"wp:term":[{"taxonomy":"category","embeddable":true,"href":"https:\/\/www.mai.group\/es\/wp-json\/wp\/v2\/categories?post=14194"},{"taxonomy":"post_tag","embeddable":true,"href":"https:\/\/www.mai.group\/es\/wp-json\/wp\/v2\/tags?post=14194"}],"curies":[{"name":"wp","href":"https:\/\/api.w.org\/{rel}","templated":true}]}}